{"id":24061,"date":"2026-03-27T18:59:53","date_gmt":"2026-03-27T17:59:53","guid":{"rendered":"http:\/\/mairie-bessay-sur-allier.fr\/?p=24061"},"modified":"2026-03-27T20:34:11","modified_gmt":"2026-03-27T19:34:11","slug":"les-elus-de-bessay-allier","status":"publish","type":"post","link":"https:\/\/mairie-bessay-sur-allier.fr\/index.php\/2026\/03\/27\/les-elus-de-bessay-allier\/","title":{"rendered":"Les \u00e9lus de Bessay sur allier"},"content":{"rendered":"<p><strong>Le Maire<\/strong> \u2013 Didier Paqueriaud, <strong>1er adjoint<\/strong> \u2013 Bernard Tron\u00e7in, <strong>2eme adjointe<\/strong> \u2013 C\u00e9line Chevalier, <strong>3eme adjoint<\/strong>\u00a0\u2013 Sylvain Bonjean, <strong>4eme adjointe<\/strong> \u2013 Annie Valnaud, <strong>Conseiller<\/strong>\u00a0\u2013 Michel Simon, <strong>Conseill\u00e8re<\/strong> \u2013 Martine Goueffon, <strong>Conseill\u00e8re<\/strong> \u2013 Dominique Vizier, <strong>Conseiller<\/strong> \u2013 Jean-Michel Andriot, <strong>Conseill\u00e8re<\/strong> \u2013 Isabelle Petitjean, <strong>Conseiller<\/strong> \u2013 Patrice Bordes, <strong>Conseill\u00e8re<\/strong> \u2013 Aur\u00e9lie Mitton, <strong>Conseiller<\/strong> \u2013 C\u00e9dric Moreau, <strong>Conseill\u00e8re<\/strong> \u2013 Sophie Burgat,\u00a0<strong>Conseill\u00e8re<\/strong>\u2013 Philippine Vimont.<\/p>\n<p><img loading=\"lazy\" decoding=\"async\" class=\"alignnone wp-image-31944 size-full\" src=\"http:\/\/mairie-bessay-sur-allier.fr\/wp-content\/uploads\/2026\/03\/elus-bessay-2026.jpg\" alt=\"\" width=\"1536\" height=\"942\" srcset=\"https:\/\/mairie-bessay-sur-allier.fr\/wp-content\/uploads\/2026\/03\/elus-bessay-2026.jpg 1536w, https:\/\/mairie-bessay-sur-allier.fr\/wp-content\/uploads\/2026\/03\/elus-bessay-2026-300x184.jpg 300w, https:\/\/mairie-bessay-sur-allier.fr\/wp-content\/uploads\/2026\/03\/elus-bessay-2026-1024x628.jpg 1024w, https:\/\/mairie-bessay-sur-allier.fr\/wp-content\/uploads\/2026\/03\/elus-bessay-2026-768x471.jpg 768w, https:\/\/mairie-bessay-sur-allier.fr\/wp-content\/uploads\/2026\/03\/elus-bessay-2026-700x429.jpg 700w, https:\/\/mairie-bessay-sur-allier.fr\/wp-content\/uploads\/2026\/03\/elus-bessay-2026-1100x675.jpg 1100w, https:\/\/mairie-bessay-sur-allier.fr\/wp-content\/uploads\/2026\/03\/elus-bessay-2026-350x215.jpg 350w\" sizes=\"(max-width: 1536px) 100vw, 1536px\" \/><\/p>\n","protected":false},"excerpt":{"rendered":"<p>Le Maire \u2013 Didier Paqueriaud, 1er adjoint \u2013 Bernard Tron\u00e7in,&#8230;<\/p>\n","protected":false},"author":1,"featured_media":31972,"comment_status":"closed","ping_status":"closed","sticky":false,"template":"","format":"standard","meta":{"footnotes":""},"categories":[165],"tags":[172],"class_list":["post-24061","post","type-post","status-publish","format-standard","has-post-thumbnail","hentry","category-home_accueil","tag-les-elues-de-besssay-sur-allier"],"yoast_head":"<!-- This site is optimized with the Yoast SEO plugin v18.4.1 - https:\/\/yoast.com\/wordpress\/plugins\/seo\/ -->\n<title>Les \u00e9lus de Bessay sur allier - Mairie Bessay sur Allier<\/title>\n<meta name=\"robots\" content=\"index, follow, max-snippet:-1, max-image-preview:large, max-video-preview:-1\" \/>\n<link rel=\"canonical\" href=\"https:\/\/mairie-bessay-sur-allier.fr\/index.php\/2026\/03\/27\/les-elus-de-bessay-allier\/\" \/>\n<meta property=\"og:locale\" content=\"fr_FR\" \/>\n<meta property=\"og:type\" content=\"article\" \/>\n<meta property=\"og:title\" content=\"Les \u00e9lus de Bessay sur allier - Mairie Bessay sur Allier\" \/>\n<meta property=\"og:description\" content=\"Le Maire \u2013 Didier Paqueriaud, 1er adjoint \u2013 Bernard Tron\u00e7in,...\" \/>\n<meta property=\"og:url\" content=\"https:\/\/mairie-bessay-sur-allier.fr\/index.php\/2026\/03\/27\/les-elus-de-bessay-allier\/\" \/>\n<meta property=\"og:site_name\" content=\"Mairie Bessay sur Allier\" \/>\n<meta property=\"article:published_time\" content=\"2026-03-27T17:59:53+00:00\" \/>\n<meta property=\"article:modified_time\" content=\"2026-03-27T19:34:11+00:00\" \/>\n<meta property=\"og:image\" content=\"http:\/\/mairie-bessay-sur-allier.fr\/wp-content\/uploads\/2020\/09\/visuel-home-elus-bessay-2026.jpg\" \/>\n\t<meta property=\"og:image:width\" content=\"600\" \/>\n\t<meta property=\"og:image:height\" content=\"400\" \/>\n\t<meta property=\"og:image:type\" content=\"image\/jpeg\" \/>\n<meta name=\"twitter:card\" content=\"summary_large_image\" \/>\n<meta name=\"twitter:label1\" content=\"\u00c9crit par\" \/>\n\t<meta name=\"twitter:data1\" content=\"admin1805\" \/>\n\t<meta name=\"twitter:label2\" content=\"Dur\u00e9e de lecture estim\u00e9e\" \/>\n\t<meta name=\"twitter:data2\" content=\"1 minute\" \/>\n<script type=\"application\/ld+json\" class=\"yoast-schema-graph\">{\"@context\":\"https:\/\/schema.org\",\"@graph\":[{\"@type\":\"WebSite\",\"@id\":\"https:\/\/mairie-bessay-sur-allier.fr\/#website\",\"url\":\"https:\/\/mairie-bessay-sur-allier.fr\/\",\"name\":\"Mairie Bessay sur Allier\",\"description\":\"Une Commune ou il fait bon Vivre\",\"potentialAction\":[{\"@type\":\"SearchAction\",\"target\":{\"@type\":\"EntryPoint\",\"urlTemplate\":\"https:\/\/mairie-bessay-sur-allier.fr\/?s={search_term_string}\"},\"query-input\":\"required name=search_term_string\"}],\"inLanguage\":\"fr-FR\"},{\"@type\":\"ImageObject\",\"@id\":\"https:\/\/mairie-bessay-sur-allier.fr\/index.php\/2026\/03\/27\/les-elus-de-bessay-allier\/#primaryimage\",\"inLanguage\":\"fr-FR\",\"url\":\"https:\/\/mairie-bessay-sur-allier.fr\/wp-content\/uploads\/2020\/09\/visuel-home-elus-bessay-2026.jpg\",\"contentUrl\":\"https:\/\/mairie-bessay-sur-allier.fr\/wp-content\/uploads\/2020\/09\/visuel-home-elus-bessay-2026.jpg\",\"width\":600,\"height\":400},{\"@type\":\"WebPage\",\"@id\":\"https:\/\/mairie-bessay-sur-allier.fr\/index.php\/2026\/03\/27\/les-elus-de-bessay-allier\/#webpage\",\"url\":\"https:\/\/mairie-bessay-sur-allier.fr\/index.php\/2026\/03\/27\/les-elus-de-bessay-allier\/\",\"name\":\"Les \u00e9lus de Bessay sur allier - Mairie Bessay sur Allier\",\"isPartOf\":{\"@id\":\"https:\/\/mairie-bessay-sur-allier.fr\/#website\"},\"primaryImageOfPage\":{\"@id\":\"https:\/\/mairie-bessay-sur-allier.fr\/index.php\/2026\/03\/27\/les-elus-de-bessay-allier\/#primaryimage\"},\"datePublished\":\"2026-03-27T17:59:53+00:00\",\"dateModified\":\"2026-03-27T19:34:11+00:00\",\"author\":{\"@id\":\"https:\/\/mairie-bessay-sur-allier.fr\/#\/schema\/person\/82f437c81a8a1597d9221442b12a5322\"},\"breadcrumb\":{\"@id\":\"https:\/\/mairie-bessay-sur-allier.fr\/index.php\/2026\/03\/27\/les-elus-de-bessay-allier\/#breadcrumb\"},\"inLanguage\":\"fr-FR\",\"potentialAction\":[{\"@type\":\"ReadAction\",\"target\":[\"https:\/\/mairie-bessay-sur-allier.fr\/index.php\/2026\/03\/27\/les-elus-de-bessay-allier\/\"]}]},{\"@type\":\"BreadcrumbList\",\"@id\":\"https:\/\/mairie-bessay-sur-allier.fr\/index.php\/2026\/03\/27\/les-elus-de-bessay-allier\/#breadcrumb\",\"itemListElement\":[{\"@type\":\"ListItem\",\"position\":1,\"name\":\"Accueil\",\"item\":\"https:\/\/mairie-bessay-sur-allier.fr\/\"},{\"@type\":\"ListItem\",\"position\":2,\"name\":\"Les \u00e9lus de Bessay sur allier\"}]},{\"@type\":\"Person\",\"@id\":\"https:\/\/mairie-bessay-sur-allier.fr\/#\/schema\/person\/82f437c81a8a1597d9221442b12a5322\",\"name\":\"admin1805\",\"image\":{\"@type\":\"ImageObject\",\"@id\":\"https:\/\/mairie-bessay-sur-allier.fr\/#personlogo\",\"inLanguage\":\"fr-FR\",\"url\":\"https:\/\/secure.gravatar.com\/avatar\/ae103d22c00a31f81d32417f1d00a87d?s=96&d=mm&r=g\",\"contentUrl\":\"https:\/\/secure.gravatar.com\/avatar\/ae103d22c00a31f81d32417f1d00a87d?s=96&d=mm&r=g\",\"caption\":\"admin1805\"},\"url\":\"https:\/\/mairie-bessay-sur-allier.fr\/index.php\/author\/admin1805\/\"}]}<\/script>\n<!-- \/ Yoast SEO plugin. -->","yoast_head_json":{"title":"Les \u00e9lus de Bessay sur allier - Mairie Bessay sur Allier","robots":{"index":"index","follow":"follow","max-snippet":"max-snippet:-1","max-image-preview":"max-image-preview:large","max-video-preview":"max-video-preview:-1"},"canonical":"https:\/\/mairie-bessay-sur-allier.fr\/index.php\/2026\/03\/27\/les-elus-de-bessay-allier\/","og_locale":"fr_FR","og_type":"article","og_title":"Les \u00e9lus de Bessay sur allier - Mairie Bessay sur Allier","og_description":"Le Maire \u2013 Didier Paqueriaud, 1er adjoint \u2013 Bernard Tron\u00e7in,...","og_url":"https:\/\/mairie-bessay-sur-allier.fr\/index.php\/2026\/03\/27\/les-elus-de-bessay-allier\/","og_site_name":"Mairie Bessay sur Allier","article_published_time":"2026-03-27T17:59:53+00:00","article_modified_time":"2026-03-27T19:34:11+00:00","og_image":[{"width":600,"height":400,"url":"http:\/\/mairie-bessay-sur-allier.fr\/wp-content\/uploads\/2020\/09\/visuel-home-elus-bessay-2026.jpg","type":"image\/jpeg"}],"twitter_card":"summary_large_image","twitter_misc":{"\u00c9crit par":"admin1805","Dur\u00e9e de lecture estim\u00e9e":"1 minute"},"schema":{"@context":"https:\/\/schema.org","@graph":[{"@type":"WebSite","@id":"https:\/\/mairie-bessay-sur-allier.fr\/#website","url":"https:\/\/mairie-bessay-sur-allier.fr\/","name":"Mairie Bessay sur Allier","description":"Une Commune ou il fait bon Vivre","potentialAction":[{"@type":"SearchAction","target":{"@type":"EntryPoint","urlTemplate":"https:\/\/mairie-bessay-sur-allier.fr\/?s={search_term_string}"},"query-input":"required name=search_term_string"}],"inLanguage":"fr-FR"},{"@type":"ImageObject","@id":"https:\/\/mairie-bessay-sur-allier.fr\/index.php\/2026\/03\/27\/les-elus-de-bessay-allier\/#primaryimage","inLanguage":"fr-FR","url":"https:\/\/mairie-bessay-sur-allier.fr\/wp-content\/uploads\/2020\/09\/visuel-home-elus-bessay-2026.jpg","contentUrl":"https:\/\/mairie-bessay-sur-allier.fr\/wp-content\/uploads\/2020\/09\/visuel-home-elus-bessay-2026.jpg","width":600,"height":400},{"@type":"WebPage","@id":"https:\/\/mairie-bessay-sur-allier.fr\/index.php\/2026\/03\/27\/les-elus-de-bessay-allier\/#webpage","url":"https:\/\/mairie-bessay-sur-allier.fr\/index.php\/2026\/03\/27\/les-elus-de-bessay-allier\/","name":"Les \u00e9lus de Bessay sur allier - Mairie Bessay sur Allier","isPartOf":{"@id":"https:\/\/mairie-bessay-sur-allier.fr\/#website"},"primaryImageOfPage":{"@id":"https:\/\/mairie-bessay-sur-allier.fr\/index.php\/2026\/03\/27\/les-elus-de-bessay-allier\/#primaryimage"},"datePublished":"2026-03-27T17:59:53+00:00","dateModified":"2026-03-27T19:34:11+00:00","author":{"@id":"https:\/\/mairie-bessay-sur-allier.fr\/#\/schema\/person\/82f437c81a8a1597d9221442b12a5322"},"breadcrumb":{"@id":"https:\/\/mairie-bessay-sur-allier.fr\/index.php\/2026\/03\/27\/les-elus-de-bessay-allier\/#breadcrumb"},"inLanguage":"fr-FR","potentialAction":[{"@type":"ReadAction","target":["https:\/\/mairie-bessay-sur-allier.fr\/index.php\/2026\/03\/27\/les-elus-de-bessay-allier\/"]}]},{"@type":"BreadcrumbList","@id":"https:\/\/mairie-bessay-sur-allier.fr\/index.php\/2026\/03\/27\/les-elus-de-bessay-allier\/#breadcrumb","itemListElement":[{"@type":"ListItem","position":1,"name":"Accueil","item":"https:\/\/mairie-bessay-sur-allier.fr\/"},{"@type":"ListItem","position":2,"name":"Les \u00e9lus de Bessay sur allier"}]},{"@type":"Person","@id":"https:\/\/mairie-bessay-sur-allier.fr\/#\/schema\/person\/82f437c81a8a1597d9221442b12a5322","name":"admin1805","image":{"@type":"ImageObject","@id":"https:\/\/mairie-bessay-sur-allier.fr\/#personlogo","inLanguage":"fr-FR","url":"https:\/\/secure.gravatar.com\/avatar\/ae103d22c00a31f81d32417f1d00a87d?s=96&d=mm&r=g","contentUrl":"https:\/\/secure.gravatar.com\/avatar\/ae103d22c00a31f81d32417f1d00a87d?s=96&d=mm&r=g","caption":"admin1805"},"url":"https:\/\/mairie-bessay-sur-allier.fr\/index.php\/author\/admin1805\/"}]}},"_links":{"self":[{"href":"https:\/\/mairie-bessay-sur-allier.fr\/index.php\/wp-json\/wp\/v2\/posts\/24061"}],"collection":[{"href":"https:\/\/mairie-bessay-sur-allier.fr\/index.php\/wp-json\/wp\/v2\/posts"}],"about":[{"href":"https:\/\/mairie-bessay-sur-allier.fr\/index.php\/wp-json\/wp\/v2\/types\/post"}],"author":[{"embeddable":true,"href":"https:\/\/mairie-bessay-sur-allier.fr\/index.php\/wp-json\/wp\/v2\/users\/1"}],"replies":[{"embeddable":true,"href":"https:\/\/mairie-bessay-sur-allier.fr\/index.php\/wp-json\/wp\/v2\/comments?post=24061"}],"version-history":[{"count":7,"href":"https:\/\/mairie-bessay-sur-allier.fr\/index.php\/wp-json\/wp\/v2\/posts\/24061\/revisions"}],"predecessor-version":[{"id":31974,"href":"https:\/\/mairie-bessay-sur-allier.fr\/index.php\/wp-json\/wp\/v2\/posts\/24061\/revisions\/31974"}],"wp:featuredmedia":[{"embeddable":true,"href":"https:\/\/mairie-bessay-sur-allier.fr\/index.php\/wp-json\/wp\/v2\/media\/31972"}],"wp:attachment":[{"href":"https:\/\/mairie-bessay-sur-allier.fr\/index.php\/wp-json\/wp\/v2\/media?parent=24061"}],"wp:term":[{"taxonomy":"category","embeddable":true,"href":"https:\/\/mairie-bessay-sur-allier.fr\/index.php\/wp-json\/wp\/v2\/categories?post=24061"},{"taxonomy":"post_tag","embeddable":true,"href":"https:\/\/mairie-bessay-sur-allier.fr\/index.php\/wp-json\/wp\/v2\/tags?post=24061"}],"curies":[{"name":"wp","href":"https:\/\/api.w.org\/{rel}","templated":true}]}}